{"id":6862,"date":"2026-04-28T22:05:46","date_gmt":"2026-04-28T20:05:46","guid":{"rendered":"https:\/\/tv-jugenheim.de\/wp1\/?p=6862"},"modified":"2026-04-28T22:06:35","modified_gmt":"2026-04-28T20:06:35","slug":"der-tv-jugenheim-besucht-das-kloster-maulbronn","status":"publish","type":"post","link":"https:\/\/tv-jugenheim.de\/wp1\/2026\/04\/der-tv-jugenheim-besucht-das-kloster-maulbronn\/","title":{"rendered":"Der TV Jugenheim besucht das Kloster Maulbronn"},"content":{"rendered":"<p>Am 24.04.2026 trafen sich 29 Aktive der drei Sportgruppen von Karin Tempel zu einem Ausflug zum Kloster Maulbronn.<\/p>\n<p>Bei strahlendem Wetter und bester Stimmung wurden wir sehr komfortabel mit einem Bus der Firma Br\u00fcckmann chauffiert. Mit unserem F\u00fchrer, der Kunstgeschichte und Denkmalpflege studiert hatte, tauchten wir tief in die Historie ein und erfuhren viel \u00fcber das Leben und die strikte Trennung von Chorm\u00f6nchen, die 8-10 Stunden pro Tag stehend zu beten hatten, und den Laienbr\u00fcdern, die f\u00fcr die Verwaltung und den Ausbau der kl\u00f6sterlichen G\u00fcter zust\u00e4ndig waren und k\u00f6rperlich hart arbeiten mussten.<\/p>\n<p>Nachdem wir uns kurz in der Sonne wieder aufgew\u00e4rmt hatten (im Kloster war gef\u00fchlt eisige K\u00e4lte), wurde unser leibliches Wohl in der Klostersch\u00e4nke Katz hervorragend versorgt.<\/p>\n<p>So gest\u00e4rkt schlenderten einige noch durch den gro\u00dfen Klosterbereich w\u00e4hrend Karin alternativ einen Spaziergang durch Weinberge und bunte Wiesen mit bl\u00fchenden Obstb\u00e4umen anbot. Dabei konnte man einen phantastischen Blick von oben auf die riesige Anlage mit doppelter Wehrmauer und flutbarem Wassergraben werfen.<\/p>\n<p>Ein sehr sch\u00f6nes Erlebnis!<\/p>\n<p><img loading=\"lazy\" decoding=\"async\" class=\"size-full wp-image-6863 alignleft\" src=\"https:\/\/tv-jugenheim.de\/wp-media\/2026\/04\/Bild4.jpg\" alt=\"\" width=\"257\" height=\"343\" srcset=\"https:\/\/tv-jugenheim.de\/wp-media\/2026\/04\/Bild4.jpg 257w, https:\/\/tv-jugenheim.de\/wp-media\/2026\/04\/Bild4-225x300.jpg 225w\" sizes=\"auto, (max-width: 257px) 100vw, 257px\" \/> <img loading=\"lazy\" decoding=\"async\" class=\"size-full wp-image-6865 alignleft\" src=\"https:\/\/tv-jugenheim.de\/wp-media\/2026\/04\/Bild2.jpg\" alt=\"\" width=\"260\" height=\"347\" srcset=\"https:\/\/tv-jugenheim.de\/wp-media\/2026\/04\/Bild2.jpg 260w, https:\/\/tv-jugenheim.de\/wp-media\/2026\/04\/Bild2-225x300.jpg 225w\" sizes=\"auto, (max-width: 260px) 100vw, 260px\" \/> <img loading=\"lazy\" decoding=\"async\" class=\"size-full wp-image-6866 alignleft\" src=\"https:\/\/tv-jugenheim.de\/wp-media\/2026\/04\/Bild1.jpg\" alt=\"\" width=\"263\" height=\"352\" srcset=\"https:\/\/tv-jugenheim.de\/wp-media\/2026\/04\/Bild1.jpg 263w, https:\/\/tv-jugenheim.de\/wp-media\/2026\/04\/Bild1-224x300.jpg 224w\" sizes=\"auto, (max-width: 263px) 100vw, 263px\" \/> <img loading=\"lazy\" decoding=\"async\" class=\"size-full wp-image-6864 alignleft\" src=\"https:\/\/tv-jugenheim.de\/wp-media\/2026\/04\/Bild3.jpg\" alt=\"\" width=\"455\" height=\"341\" srcset=\"https:\/\/tv-jugenheim.de\/wp-media\/2026\/04\/Bild3.jpg 455w, https:\/\/tv-jugenheim.de\/wp-media\/2026\/04\/Bild3-300x225.jpg 300w\" sizes=\"auto, (max-width: 455px) 100vw, 455px\" \/><\/p>\n<p>Hier noch einige Fakten zu dem Zisterzienserkloster:<\/p>\n<p>Das Kloster Maulbronn wurde 1147 gegr\u00fcndet, geh\u00f6rt zu den am besten erhaltenen mittelalterlichen Klosteranlagen Europas und ist Teil des UNESCO-Welterbe. Ein besonderes Highlight ist der Kreuzgang, der mit seinen gotischen Gew\u00f6lben eine ruhige, fast zeitlose Atmosph\u00e4re ausstrahlt. Ebenfalls beeindruckend ist das Brunnenhaus, ein kunstvoll gestaltetes Fachwerkgeb\u00e4ude, das einst der Wasserversorgung diente und heute als architektonisches Schmuckst\u00fcck gilt.<\/p>\n","protected":false},"excerpt":{"rendered":"<p>Am 24.04.2026 trafen sich 29 Aktive der drei Sportgruppen von Karin Tempel zu einem Ausflug zum Kloster Maulbronn.<\/p>\n<p>Bei strahlendem Wetter und bester Stimmung wurden wir sehr komfortabel mit einem Bus der Firma Br\u00fcckmann chauffiert. Mit unserem F\u00fchrer, der Kunstgeschichte und Denkmalpflege studiert hatte, tauchten wir tief in die Historie ein und erfuhren viel \u00fcber das Leben und die strikte Trennung von Chorm\u00f6nchen &#8230; <a class=\"more-link\" href=\"https:\/\/tv-jugenheim.de\/wp1\/2026\/04\/der-tv-jugenheim-besucht-das-kloster-maulbronn\/\"><span class=\"screen-reader-text\">  Der TV Jugenheim besucht das Kloster Maulbronn<\/span> weiterlesen<span class=\"meta-nav\">&rarr;<\/span><\/a><\/p>\n","protected":false},"author":2,"featured_media":0,"comment_status":"closed","ping_status":"closed","sticky":false,"template":"","format":"standard","meta":{"footnotes":""},"categories":[46,45,43],"tags":[],"class_list":["post-6862","post","type-post","status-publish","format-standard","hentry","category-aerobic","category-konditionstraining","category-walking"],"_links":{"self":[{"href":"https:\/\/tv-jugenheim.de\/wp1\/wp-json\/wp\/v2\/posts\/6862","targetHints":{"allow":["GET"]}}],"collection":[{"href":"https:\/\/tv-jugenheim.de\/wp1\/wp-json\/wp\/v2\/posts"}],"about":[{"href":"https:\/\/tv-jugenheim.de\/wp1\/wp-json\/wp\/v2\/types\/post"}],"author":[{"embeddable":true,"href":"https:\/\/tv-jugenheim.de\/wp1\/wp-json\/wp\/v2\/users\/2"}],"replies":[{"embeddable":true,"href":"https:\/\/tv-jugenheim.de\/wp1\/wp-json\/wp\/v2\/comments?post=6862"}],"version-history":[{"count":3,"href":"https:\/\/tv-jugenheim.de\/wp1\/wp-json\/wp\/v2\/posts\/6862\/revisions"}],"predecessor-version":[{"id":6869,"href":"https:\/\/tv-jugenheim.de\/wp1\/wp-json\/wp\/v2\/posts\/6862\/revisions\/6869"}],"wp:attachment":[{"href":"https:\/\/tv-jugenheim.de\/wp1\/wp-json\/wp\/v2\/media?parent=6862"}],"wp:term":[{"taxonomy":"category","embeddable":true,"href":"https:\/\/tv-jugenheim.de\/wp1\/wp-json\/wp\/v2\/categories?post=6862"},{"taxonomy":"post_tag","embeddable":true,"href":"https:\/\/tv-jugenheim.de\/wp1\/wp-json\/wp\/v2\/tags?post=6862"}],"curies":[{"name":"wp","href":"https:\/\/api.w.org\/{rel}","templated":true}]}}