{"id":5742,"date":"2023-08-20T18:01:48","date_gmt":"2023-08-20T16:01:48","guid":{"rendered":"http:\/\/wp1.tv-jugenheim.de\/?p=5742"},"modified":"2023-08-20T18:01:48","modified_gmt":"2023-08-20T16:01:48","slug":"38-juremer-kerb-am-naechsten-wochenende","status":"publish","type":"post","link":"https:\/\/tv-jugenheim.de\/wp1\/2023\/08\/38-juremer-kerb-am-naechsten-wochenende\/","title":{"rendered":"38. Juremer Kerb &#8211; am n\u00e4chsten Wochenende"},"content":{"rendered":"<p>Auch in diesem Jahr ist der TVJ Teil der Juremer Kerb. Traditionell gibt es am Kerbsamstag einen Stand des Turnvereins mit W\u00fcrstchen, Steaks und Fischbr\u00f6tchen und einem Bierwagen. Zus\u00e4tzlich bieten wir diesmal nachmittags auch Kaffee und Kuchen an.<\/p>\n<p>Also liebe Vereinsmitglieger, alle Jugenheimer und nicht Jugenheimer &#8211; freut euch auf die Kerb und kommt am Samstag ab 14 Uhr auf den Kerbplatz oder wenn ihr viel Live Musik wollt, dann ab 19:30 Uhr!<\/p>\n<p><img loading=\"lazy\" decoding=\"async\" class=\"aligncenter size-large wp-image-5743\" src=\"https:\/\/tv-jugenheim.de\/wp-media\/2023\/08\/20230809_211450-752x1024.jpg\" alt=\"Programm Kerb 2023\" width=\"530\" height=\"722\" srcset=\"https:\/\/tv-jugenheim.de\/wp-media\/2023\/08\/20230809_211450-752x1024.jpg 752w, https:\/\/tv-jugenheim.de\/wp-media\/2023\/08\/20230809_211450-220x300.jpg 220w, https:\/\/tv-jugenheim.de\/wp-media\/2023\/08\/20230809_211450-768x1046.jpg 768w, https:\/\/tv-jugenheim.de\/wp-media\/2023\/08\/20230809_211450.jpg 881w\" sizes=\"auto, (max-width: 530px) 100vw, 530px\" \/><br \/>\nWeitere Infos siehe auch Artikle auf <a href=\"https:\/\/www.echo-online.de\/lokales\/kreis-darmstadt-dieburg\/seeheim-jugenheim\/vier-tage-kerb-in-jugenheim-2770590\" target=\"_blank\" rel=\"noopener\">Echo Online<\/a><\/p>\n","protected":false},"excerpt":{"rendered":"<p>Auch in diesem Jahr ist der TVJ Teil der Juremer Kerb. Traditionell gibt es am Kerbsamstag einen Stand des Turnvereins mit W\u00fcrstchen, Steaks und Fischbr\u00f6tchen und einem Bierwagen. Zus\u00e4tzlich bieten wir diesmal nachmittags auch Kaffee und Kuchen an. Also liebe Vereinsmitglieger, alle Jugenheimer und nicht Jugenheimer &#8211; freut euch auf <a class=\"more-link\" href=\"https:\/\/tv-jugenheim.de\/wp1\/2023\/08\/38-juremer-kerb-am-naechsten-wochenende\/\"><span class=\"screen-reader-text\">  38. Juremer Kerb &#8211; am n\u00e4chsten Wochenende<\/span> weiterlesen<span class=\"meta-nav\">&rarr;<\/span><\/a><\/p>\n","protected":false},"author":2,"featured_media":0,"comment_status":"closed","ping_status":"closed","sticky":false,"template":"","format":"standard","meta":{"footnotes":""},"categories":[1],"tags":[],"class_list":["post-5742","post","type-post","status-publish","format-standard","hentry","category-allgemein"],"_links":{"self":[{"href":"https:\/\/tv-jugenheim.de\/wp1\/wp-json\/wp\/v2\/posts\/5742","targetHints":{"allow":["GET"]}}],"collection":[{"href":"https:\/\/tv-jugenheim.de\/wp1\/wp-json\/wp\/v2\/posts"}],"about":[{"href":"https:\/\/tv-jugenheim.de\/wp1\/wp-json\/wp\/v2\/types\/post"}],"author":[{"embeddable":true,"href":"https:\/\/tv-jugenheim.de\/wp1\/wp-json\/wp\/v2\/users\/2"}],"replies":[{"embeddable":true,"href":"https:\/\/tv-jugenheim.de\/wp1\/wp-json\/wp\/v2\/comments?post=5742"}],"version-history":[{"count":1,"href":"https:\/\/tv-jugenheim.de\/wp1\/wp-json\/wp\/v2\/posts\/5742\/revisions"}],"predecessor-version":[{"id":5744,"href":"https:\/\/tv-jugenheim.de\/wp1\/wp-json\/wp\/v2\/posts\/5742\/revisions\/5744"}],"wp:attachment":[{"href":"https:\/\/tv-jugenheim.de\/wp1\/wp-json\/wp\/v2\/media?parent=5742"}],"wp:term":[{"taxonomy":"category","embeddable":true,"href":"https:\/\/tv-jugenheim.de\/wp1\/wp-json\/wp\/v2\/categories?post=5742"},{"taxonomy":"post_tag","embeddable":true,"href":"https:\/\/tv-jugenheim.de\/wp1\/wp-json\/wp\/v2\/tags?post=5742"}],"curies":[{"name":"wp","href":"https:\/\/api.w.org\/{rel}","templated":true}]}}